{"id":37,"date":"2011-03-10T23:55:12","date_gmt":"2011-03-10T21:55:12","guid":{"rendered":"http:\/\/de.freedomguard.arbat.name\/?p=37"},"modified":"2011-03-10T23:55:12","modified_gmt":"2011-03-10T21:55:12","slug":"uber-die-lage-in-libyen","status":"publish","type":"post","link":"https:\/\/de.freedomguard.arbat.name\/?p=37","title":{"rendered":"\u00dcber die Lage in Libyen"},"content":{"rendered":"<p>Internationale Komitee der Verteidigung der Freiheit und der Zivilgesellschaft h\u00e4lt es f\u00fcr inakzeptabel, in welcher Weise die libysche Regierung Proteste gegen das autorit\u00e4re Regime von Muammar Gaddafi zu unterdr\u00fccken.<\/p>\n<p><!--more-->Internationale Komitee der Verteidigung der Freiheit und der Zivilgesellschaft der Auffassung, dass der Einsatz milit\u00e4rischer Flugzeuge gegen die eigene Bev\u00f6lkerung ist eindeutig \u00fcber den Rahmen einer zivilisierten Verhaltens und klar, ist ein Verbrechen gegen die Menschlichkeit.<\/p>\n<p>Internationale Komitee der Verteidigung der Freiheit und der Zivilgesellschaft h\u00e4lt es f\u00fcr notwendig, die internationale Gemeinschaft in Bezug auf Libyen alle erforderlichen Ma\u00dfnahmen f\u00fcr den wirtschaftlichen, diplomatischen und milit\u00e4rischen Bem\u00fchungen auf die sofortige Entfernung von der Macht Muammar Gaddafi mit anschlie\u00dfender \u00dcbertragung der Folterer in den H\u00e4nden eines internationalen Tribunals zu nehmen.<\/p>\n<p>Die urspr\u00fcngliche Aussage in russischer Sprache finden Sie unter <a href=\"http:\/\/civilguard.arbat.name\/?p=112\">civilguard.arbat.name<\/a>.<\/p>\n","protected":false},"excerpt":{"rendered":"<p>Internationale Komitee der Verteidigung der Freiheit und der Zivilgesellschaft h\u00e4lt es f\u00fcr inakzeptabel, in welcher Weise die libysche Regierung Proteste gegen das autorit\u00e4re Regime von Muammar Gaddafi zu unterdr\u00fccken.<\/p>\n","protected":false},"author":1,"featured_media":0,"comment_status":"closed","ping_status":"open","sticky":false,"template":"","format":"standard","meta":{"footnotes":""},"categories":[16],"tags":[25,26,20],"class_list":["post-37","post","type-post","status-publish","format-standard","hentry","category-komitee-der-verteidigung-der-freiheit","tag-kriegsverbrechen","tag-libyen","tag-menschenrechte"],"_links":{"self":[{"href":"https:\/\/de.freedomguard.arbat.name\/index.php?rest_route=\/wp\/v2\/posts\/37","targetHints":{"allow":["GET"]}}],"collection":[{"href":"https:\/\/de.freedomguard.arbat.name\/index.php?rest_route=\/wp\/v2\/posts"}],"about":[{"href":"https:\/\/de.freedomguard.arbat.name\/index.php?rest_route=\/wp\/v2\/types\/post"}],"author":[{"embeddable":true,"href":"https:\/\/de.freedomguard.arbat.name\/index.php?rest_route=\/wp\/v2\/users\/1"}],"replies":[{"embeddable":true,"href":"https:\/\/de.freedomguard.arbat.name\/index.php?rest_route=%2Fwp%2Fv2%2Fcomments&post=37"}],"version-history":[{"count":0,"href":"https:\/\/de.freedomguard.arbat.name\/index.php?rest_route=\/wp\/v2\/posts\/37\/revisions"}],"wp:attachment":[{"href":"https:\/\/de.freedomguard.arbat.name\/index.php?rest_route=%2Fwp%2Fv2%2Fmedia&parent=37"}],"wp:term":[{"taxonomy":"category","embeddable":true,"href":"https:\/\/de.freedomguard.arbat.name\/index.php?rest_route=%2Fwp%2Fv2%2Fcategories&post=37"},{"taxonomy":"post_tag","embeddable":true,"href":"https:\/\/de.freedomguard.arbat.name\/index.php?rest_route=%2Fwp%2Fv2%2Ftags&post=37"}],"curies":[{"name":"wp","href":"https:\/\/api.w.org\/{rel}","templated":true}]}}